{"id":8014,"date":"2024-06-03T18:24:53","date_gmt":"2024-06-03T16:24:53","guid":{"rendered":"https:\/\/novac.es\/blog\/?p=8014"},"modified":"2024-06-03T18:31:24","modified_gmt":"2024-06-03T16:31:24","slug":"ven-a-conocer-las-nuevas-leyes-que-afectan-a-tu-empresa-el-11-de-junio","status":"publish","type":"post","link":"https:\/\/novac.es\/blog\/2024\/06\/03\/ven-a-conocer-las-nuevas-leyes-que-afectan-a-tu-empresa-el-11-de-junio\/","title":{"rendered":"Ven a conocer las nuevas leyes que afectan a tu empresa el 11 de junio"},"content":{"rendered":"\n<p>Desde Novac queremos invitarte a nuestro pr\u00f3ximo evento. Reg\u00edstrate en el siguiente enlace: <a href=\"https:\/\/solitium.es\/Eventos\/Solitium-NS2-crea-crece-Murcia-2024.html\">https:\/\/solitium.es\/Eventos\/Solitium-NS2-crea-crece-Murcia-2024.html<\/a><\/p>\n\n\n<figure class=\"wp-block-post-featured-image\"><img width=\"640\" height=\"320\" src=\"https:\/\/i0.wp.com\/novac.es\/blog\/wp-content\/uploads\/2024\/06\/1716327924036.jpg?resize=640%2C320&#038;ssl=1\" class=\"attachment-post-thumbnail size-post-thumbnail wp-post-image\" alt=\"Leyes que cambian el panorama empresarial. crea y Crece\" decoding=\"async\" loading=\"lazy\" srcset=\"https:\/\/i0.wp.com\/novac.es\/blog\/wp-content\/uploads\/2024\/06\/1716327924036.jpg?w=800&amp;ssl=1 800w, https:\/\/i0.wp.com\/novac.es\/blog\/wp-content\/uploads\/2024\/06\/1716327924036.jpg?resize=300%2C150&amp;ssl=1 300w, https:\/\/i0.wp.com\/novac.es\/blog\/wp-content\/uploads\/2024\/06\/1716327924036.jpg?resize=768%2C384&amp;ssl=1 768w\" sizes=\"(max-width: 640px) 100vw, 640px\" data-recalc-dims=\"1\" \/><\/figure>\n\n\n<p>\u00danete a las jornadas \u2018Leyes que cambian el panorama empresarial\u2019 y conoce c\u00f3mo va a afectar a tu empresa la&nbsp;<strong>nueva normativa<\/strong>&nbsp;en materia de automatizaci\u00f3n de<strong>&nbsp;procesos, facturaci\u00f3n y seguridad de datos<\/strong>.<\/p>\n\n\n\n<p><strong>Grupo Solitium Novac<\/strong>, en colaboraci\u00f3n con FREMM, te invitan a una sesi\u00f3n pr\u00e1ctica el pr\u00f3ximo<strong>&nbsp;11 de junio<\/strong>&nbsp;en horario de <strong>9:30<\/strong> a <strong>11:00 <\/strong>horas, en la que especialistas en materia legal y tecnol\u00f3gica dar\u00e1n a conocer las soluciones, herramientas y planes para implementar las leyes que cambiar\u00e1n el panorama empresarial.<\/p>\n\n\n\n<p><strong>AGENDA<\/strong>:<\/p>\n\n\n\n<ul>\n<li>09:00 horas. Bienvenida y Registro<\/li>\n\n\n\n<li>Presentaci\u00f3n Solitium Novac<\/li>\n\n\n\n<li>&nbsp;El nuevo escenario digital y su repercusi\u00f3n legal<\/li>\n\n\n\n<li>Normativa NIS2. Planes de ciberseguridad<\/li>\n\n\n\n<li>Soluciones de Seguridad Defensiva<\/li>\n\n\n\n<li>&nbsp;Demo<\/li>\n\n\n\n<li>Coffee break<\/li>\n\n\n\n<li>&nbsp;Ley Crea &amp; Crece y gesti\u00f3n documental. Factura electr\u00f3nica, automatizaci\u00f3n y digitalizaci\u00f3n de los procesos<\/li>\n\n\n\n<li>&nbsp;Demo<\/li>\n\n\n\n<li>Networking<\/li>\n<\/ul>\n\n\n\n<figure class=\"wp-block-image size-full\"><a href=\"https:\/\/i0.wp.com\/novac.es\/blog\/wp-content\/uploads\/2024\/06\/1716327924288.jpg?ssl=1\"><img decoding=\"async\" loading=\"lazy\" width=\"640\" height=\"486\" src=\"https:\/\/i0.wp.com\/novac.es\/blog\/wp-content\/uploads\/2024\/06\/1716327924288.jpg?resize=640%2C486&#038;ssl=1\" alt=\"\" class=\"wp-image-8020\" srcset=\"https:\/\/i0.wp.com\/novac.es\/blog\/wp-content\/uploads\/2024\/06\/1716327924288.jpg?w=800&amp;ssl=1 800w, https:\/\/i0.wp.com\/novac.es\/blog\/wp-content\/uploads\/2024\/06\/1716327924288.jpg?resize=300%2C228&amp;ssl=1 300w, https:\/\/i0.wp.com\/novac.es\/blog\/wp-content\/uploads\/2024\/06\/1716327924288.jpg?resize=768%2C583&amp;ssl=1 768w\" sizes=\"(max-width: 640px) 100vw, 640px\" data-recalc-dims=\"1\" \/><\/a><\/figure>\n","protected":false},"excerpt":{"rendered":"<p>Desde Novac queremos invitarte a nuestro pr\u00f3ximo evento. Reg\u00edstrate en el siguiente enlace: https:\/\/solitium.es\/Eventos\/Solitium-NS2-crea-crece-Murcia-2024.html \u00danete a las jornadas \u2018Leyes que cambian el panorama empresarial\u2019 y conoce c\u00f3mo va a afectar a tu empresa la&nbsp;nueva normativa&nbsp;en materia de automatizaci\u00f3n de&nbsp;procesos, facturaci\u00f3n y seguridad de datos. Grupo Solitium Novac, en colaboraci\u00f3n con FREMM, te invitan a una [&hellip;]<\/p>\n","protected":false},"author":2,"featured_media":8015,"comment_status":"open","ping_status":"open","sticky":false,"template":"","format":"standard","meta":{"jetpack_publicize_message":"","jetpack_is_tweetstorm":false,"jetpack_publicize_feature_enabled":true,"jetpack_social_options":[]},"categories":[1],"tags":[],"jetpack_publicize_connections":[],"jetpack_featured_media_url":"https:\/\/i0.wp.com\/novac.es\/blog\/wp-content\/uploads\/2024\/06\/1716327924036.jpg?fit=800%2C400&ssl=1","jetpack_sharing_enabled":true,"_links":{"self":[{"href":"https:\/\/novac.es\/blog\/wp-json\/wp\/v2\/posts\/8014"}],"collection":[{"href":"https:\/\/novac.es\/blog\/wp-json\/wp\/v2\/posts"}],"about":[{"href":"https:\/\/novac.es\/blog\/wp-json\/wp\/v2\/types\/post"}],"author":[{"embeddable":true,"href":"https:\/\/novac.es\/blog\/wp-json\/wp\/v2\/users\/2"}],"replies":[{"embeddable":true,"href":"https:\/\/novac.es\/blog\/wp-json\/wp\/v2\/comments?post=8014"}],"version-history":[{"count":6,"href":"https:\/\/novac.es\/blog\/wp-json\/wp\/v2\/posts\/8014\/revisions"}],"predecessor-version":[{"id":8023,"href":"https:\/\/novac.es\/blog\/wp-json\/wp\/v2\/posts\/8014\/revisions\/8023"}],"wp:featuredmedia":[{"embeddable":true,"href":"https:\/\/novac.es\/blog\/wp-json\/wp\/v2\/media\/8015"}],"wp:attachment":[{"href":"https:\/\/novac.es\/blog\/wp-json\/wp\/v2\/media?parent=8014"}],"wp:term":[{"taxonomy":"category","embeddable":true,"href":"https:\/\/novac.es\/blog\/wp-json\/wp\/v2\/categories?post=8014"},{"taxonomy":"post_tag","embeddable":true,"href":"https:\/\/novac.es\/blog\/wp-json\/wp\/v2\/tags?post=8014"}],"curies":[{"name":"wp","href":"https:\/\/api.w.org\/{rel}","templated":true}]}}