{"id":1731,"date":"2019-02-22T16:08:45","date_gmt":"2019-02-22T14:08:45","guid":{"rendered":"http:\/\/novac.es\/blog\/?p=1731"},"modified":"2019-02-25T11:54:16","modified_gmt":"2019-02-25T09:54:16","slug":"open-house-xerox-versant-2019","status":"publish","type":"post","link":"https:\/\/novac.es\/blog\/2019\/02\/22\/open-house-xerox-versant-2019\/","title":{"rendered":"Open House Xerox Versant 2019"},"content":{"rendered":"\n<p>Ayer se celebr\u00f3 en el Colegio Salesianos de Atocha la tercera edici\u00f3n del <strong>Open House de Xerox Versant<\/strong>. Un evento dirigido a los partners de Xerox para reforzar la propuesta de valor de las prensas Xerox Versant en el que estuvimos muy presentes. Ya que nos pusieron como ejemplo en multitud de ocasiones dada nuestra apuesta por la formaci\u00f3n tanto de nuestro equipo de ventas y analistas como la de nuestros clientes a trav\u00e9s de la organizaci\u00f3n de seminarios y eventos. De hecho somos el partner con m\u00e1s t\u00e9cnicos certificados en \u00abFiery Professional\u00bb y que m\u00e1s eventos de formaci\u00f3n hace en Espa\u00f1a.<\/p>\n\n\n\n<figure class=\"wp-block-image\"><img decoding=\"async\" loading=\"lazy\" width=\"640\" height=\"366\" src=\"https:\/\/i0.wp.com\/novac.es\/blog\/wp-content\/uploads\/2019\/02\/open-house-xerox-versant-2019-1.jpg?resize=640%2C366\" alt=\"\" class=\"wp-image-1733\" srcset=\"https:\/\/i0.wp.com\/novac.es\/blog\/wp-content\/uploads\/2019\/02\/open-house-xerox-versant-2019-1.jpg?w=700&amp;ssl=1 700w, https:\/\/i0.wp.com\/novac.es\/blog\/wp-content\/uploads\/2019\/02\/open-house-xerox-versant-2019-1.jpg?resize=300%2C171&amp;ssl=1 300w\" sizes=\"(max-width: 640px) 100vw, 640px\" data-recalc-dims=\"1\" \/><\/figure>\n\n\n\n<figure class=\"wp-block-image\"><img decoding=\"async\" loading=\"lazy\" width=\"640\" height=\"366\" src=\"https:\/\/i0.wp.com\/novac.es\/blog\/wp-content\/uploads\/2019\/02\/open-house-xerox-versant-2019-2.jpg?resize=640%2C366\" alt=\"\" class=\"wp-image-1734\" srcset=\"https:\/\/i0.wp.com\/novac.es\/blog\/wp-content\/uploads\/2019\/02\/open-house-xerox-versant-2019-2.jpg?w=700&amp;ssl=1 700w, https:\/\/i0.wp.com\/novac.es\/blog\/wp-content\/uploads\/2019\/02\/open-house-xerox-versant-2019-2.jpg?resize=300%2C171&amp;ssl=1 300w\" sizes=\"(max-width: 640px) 100vw, 640px\" data-recalc-dims=\"1\" \/><\/figure>\n\n\n\n<figure class=\"wp-block-image\"><img decoding=\"async\" loading=\"lazy\" width=\"640\" height=\"366\" src=\"https:\/\/i0.wp.com\/novac.es\/blog\/wp-content\/uploads\/2019\/02\/open-house-xerox-versant-2019-3.jpg?resize=640%2C366&#038;ssl=1\" alt=\"\" class=\"wp-image-1737\" srcset=\"https:\/\/i0.wp.com\/novac.es\/blog\/wp-content\/uploads\/2019\/02\/open-house-xerox-versant-2019-3.jpg?w=700&amp;ssl=1 700w, https:\/\/i0.wp.com\/novac.es\/blog\/wp-content\/uploads\/2019\/02\/open-house-xerox-versant-2019-3.jpg?resize=300%2C171&amp;ssl=1 300w\" sizes=\"(max-width: 640px) 100vw, 640px\" data-recalc-dims=\"1\" \/><\/figure>\n\n\n\n<p>En 2019 Xerox va a alcanzar las 1000 Versant instaladas en\nEspa\u00f1a, siendo as\u00ed referente para el mercado gr\u00e1fico nacional. Lo que hace que\nel reto en 2019 sea defender esta posici\u00f3n de liderazgo, enfoc\u00e1ndonos en\naportar valor. Siendo clave tener equipos de venta y analistas formados para\npoder diferenciarse.<\/p>\n\n\n\n<p>En la jornada pudimos escuchar a expertos del sector gr\u00e1fico y especialistas de Xerox hablando sobre <strong>colorimetr\u00eda <\/strong>y certificaci\u00f3n FOGRA, los procesos de <strong>automatizaci\u00f3n <\/strong>de la PYME en el sector gr\u00e1fico y sobre el mercado, soportes, tecnolog\u00eda y acabados del <strong>packaging<\/strong>.<\/p>\n\n\n\n<p>El acto se vio reforzado por la presencia de diversos\nproveedores de soportes y soluciones que permiten dar mayor valor a la oferta\nde producto.<\/p>\n","protected":false},"excerpt":{"rendered":"<p>Ayer se celebr\u00f3 en el Colegio Salesianos de Atocha la tercera edici\u00f3n del Open House de Xerox Versant. Un evento dirigido a los partners de Xerox para reforzar la propuesta de valor de las prensas Xerox Versant en el que estuvimos muy presentes. Ya que nos pusieron como ejemplo en multitud de ocasiones dada nuestra [&hellip;]<\/p>\n","protected":false},"author":2,"featured_media":1732,"comment_status":"open","ping_status":"open","sticky":false,"template":"","format":"standard","meta":{"jetpack_publicize_message":"","jetpack_is_tweetstorm":false,"jetpack_publicize_feature_enabled":true,"jetpack_social_options":[]},"categories":[4],"tags":[57,398,396],"jetpack_publicize_connections":[],"jetpack_featured_media_url":"https:\/\/i0.wp.com\/novac.es\/blog\/wp-content\/uploads\/2019\/02\/open-house-xerox-versant-2019.jpg?fit=1200%2C600&ssl=1","jetpack_sharing_enabled":true,"_links":{"self":[{"href":"https:\/\/novac.es\/blog\/wp-json\/wp\/v2\/posts\/1731"}],"collection":[{"href":"https:\/\/novac.es\/blog\/wp-json\/wp\/v2\/posts"}],"about":[{"href":"https:\/\/novac.es\/blog\/wp-json\/wp\/v2\/types\/post"}],"author":[{"embeddable":true,"href":"https:\/\/novac.es\/blog\/wp-json\/wp\/v2\/users\/2"}],"replies":[{"embeddable":true,"href":"https:\/\/novac.es\/blog\/wp-json\/wp\/v2\/comments?post=1731"}],"version-history":[{"count":2,"href":"https:\/\/novac.es\/blog\/wp-json\/wp\/v2\/posts\/1731\/revisions"}],"predecessor-version":[{"id":1738,"href":"https:\/\/novac.es\/blog\/wp-json\/wp\/v2\/posts\/1731\/revisions\/1738"}],"wp:featuredmedia":[{"embeddable":true,"href":"https:\/\/novac.es\/blog\/wp-json\/wp\/v2\/media\/1732"}],"wp:attachment":[{"href":"https:\/\/novac.es\/blog\/wp-json\/wp\/v2\/media?parent=1731"}],"wp:term":[{"taxonomy":"category","embeddable":true,"href":"https:\/\/novac.es\/blog\/wp-json\/wp\/v2\/categories?post=1731"},{"taxonomy":"post_tag","embeddable":true,"href":"https:\/\/novac.es\/blog\/wp-json\/wp\/v2\/tags?post=1731"}],"curies":[{"name":"wp","href":"https:\/\/api.w.org\/{rel}","templated":true}]}}