{"id":1659,"date":"2018-05-28T14:53:39","date_gmt":"2018-05-28T12:53:39","guid":{"rendered":"http:\/\/novac.es\/blog\/?p=1659"},"modified":"2019-05-27T16:17:14","modified_gmt":"2019-05-27T14:17:14","slug":"novac-se-adhiere-a-la-red-nodus","status":"publish","type":"post","link":"https:\/\/novac.es\/blog\/2018\/05\/28\/novac-se-adhiere-a-la-red-nodus\/","title":{"rendered":"NOVAC se adhiere a la Red Nodus"},"content":{"rendered":"<p><strong>La pol\u00edtica empresarial socialmente activa de NOVAC nos ha llevado a formar parte de la <a href=\"http:\/\/www.rednodus.org\/\">Red Nodus<\/a> para contribuir a la mejora de la sociedad.<\/strong><\/p>\n<p>La Red Nodus de <a href=\"https:\/\/www.fundaciondiagrama.es\/\">Fundaci\u00f3n Diagrama<\/a> es un espacio de encuentro y colaboraci\u00f3n entre ciudadanos, empresas e instituciones p\u00fablicas y privadas con un compromiso social por el desarrollo integral de personas vulnerables o en dificultad social, especialmente j\u00f3venes que necesitan apoyo, asesoramiento y empleo.<\/p>\n<p><img decoding=\"async\" loading=\"lazy\" class=\"aligncenter size-full wp-image-1660\" src=\"https:\/\/i0.wp.com\/novac.es\/blog\/wp-content\/uploads\/2018\/05\/adhesion-red-nodus-novac.jpg?resize=640%2C427\" alt=\"Adhesi\u00f3n Red NODUS NOVAC\" width=\"640\" height=\"427\" srcset=\"https:\/\/i0.wp.com\/novac.es\/blog\/wp-content\/uploads\/2018\/05\/adhesion-red-nodus-novac.jpg?w=768&amp;ssl=1 768w, https:\/\/i0.wp.com\/novac.es\/blog\/wp-content\/uploads\/2018\/05\/adhesion-red-nodus-novac.jpg?resize=300%2C200&amp;ssl=1 300w\" sizes=\"(max-width: 640px) 100vw, 640px\" data-recalc-dims=\"1\" \/><\/p>\n<p>Nuestra adhesi\u00f3n a esta Red es muestra de nuestro<strong> compromiso social<\/strong> por los procesos de inserci\u00f3n sociolaboral. Esperamos poder incorporar pronto a nuestra empresa los primeros j\u00f3venes o personas en situaci\u00f3n de riesgo de exclusi\u00f3n social para impulsar iniciativas como \u00e9sta que ayudan a solucionar problemas sociales como el desempleo y contribuyen al bienestar de la comunidad.<\/p>\n","protected":false},"excerpt":{"rendered":"<p>La pol\u00edtica empresarial socialmente activa de NOVAC nos ha llevado a formar parte de la Red Nodus para contribuir a la mejora de la sociedad. La Red Nodus de Fundaci\u00f3n Diagrama es un espacio de encuentro y colaboraci\u00f3n entre ciudadanos, empresas e instituciones p\u00fablicas y privadas con un compromiso social por el desarrollo integral de [&hellip;]<\/p>\n","protected":false},"author":2,"featured_media":1664,"comment_status":"open","ping_status":"open","sticky":false,"template":"","format":"standard","meta":{"jetpack_publicize_message":"","jetpack_is_tweetstorm":false,"jetpack_publicize_feature_enabled":true,"jetpack_social_options":[]},"categories":[612],"tags":[567,569,566,568,565],"jetpack_publicize_connections":[],"jetpack_featured_media_url":"https:\/\/i0.wp.com\/novac.es\/blog\/wp-content\/uploads\/2018\/05\/red-nodus.jpg?fit=1600%2C800&ssl=1","jetpack_sharing_enabled":true,"_links":{"self":[{"href":"https:\/\/novac.es\/blog\/wp-json\/wp\/v2\/posts\/1659"}],"collection":[{"href":"https:\/\/novac.es\/blog\/wp-json\/wp\/v2\/posts"}],"about":[{"href":"https:\/\/novac.es\/blog\/wp-json\/wp\/v2\/types\/post"}],"author":[{"embeddable":true,"href":"https:\/\/novac.es\/blog\/wp-json\/wp\/v2\/users\/2"}],"replies":[{"embeddable":true,"href":"https:\/\/novac.es\/blog\/wp-json\/wp\/v2\/comments?post=1659"}],"version-history":[{"count":4,"href":"https:\/\/novac.es\/blog\/wp-json\/wp\/v2\/posts\/1659\/revisions"}],"predecessor-version":[{"id":1879,"href":"https:\/\/novac.es\/blog\/wp-json\/wp\/v2\/posts\/1659\/revisions\/1879"}],"wp:featuredmedia":[{"embeddable":true,"href":"https:\/\/novac.es\/blog\/wp-json\/wp\/v2\/media\/1664"}],"wp:attachment":[{"href":"https:\/\/novac.es\/blog\/wp-json\/wp\/v2\/media?parent=1659"}],"wp:term":[{"taxonomy":"category","embeddable":true,"href":"https:\/\/novac.es\/blog\/wp-json\/wp\/v2\/categories?post=1659"},{"taxonomy":"post_tag","embeddable":true,"href":"https:\/\/novac.es\/blog\/wp-json\/wp\/v2\/tags?post=1659"}],"curies":[{"name":"wp","href":"https:\/\/api.w.org\/{rel}","templated":true}]}}